{"id":3358,"date":"2026-01-19T12:40:00","date_gmt":"2026-01-19T11:40:00","guid":{"rendered":"https:\/\/www.cech-zlotow.info\/www_new\/?p=3358"},"modified":"2026-01-19T12:40:09","modified_gmt":"2026-01-19T11:40:09","slug":"x-regionalny-konkurs-uczniow-rzemiosla-fryzjerskiego","status":"publish","type":"post","link":"http:\/\/www.cech-zlotow.info\/www_new\/x-regionalny-konkurs-uczniow-rzemiosla-fryzjerskiego\/","title":{"rendered":"X REGIONALNY KONKURS UCZNI\u00d3W RZEMIOS\u0141A FRYZJERSKIEGO"},"content":{"rendered":"\t\t<div data-elementor-type=\"wp-post\" data-elementor-id=\"3358\" class=\"elementor elementor-3358\" data-elementor-settings=\"[]\">\n\t\t\t\t\t\t\t<div class=\"elementor-section-wrap\">\n\t\t\t\t\t\t\t<section class=\"elementor-section elementor-top-section elementor-element elementor-element-3eb5ade8 elementor-section-boxed elementor-section-height-default elementor-section-height-default\" data-id=\"3eb5ade8\" data-element_type=\"section\">\n\t\t\t\t\t\t<div class=\"elementor-container elementor-column-gap-default\">\n\t\t\t\t\t<div class=\"elementor-column elementor-col-100 elementor-top-column elementor-element elementor-element-f605f2e\" data-id=\"f605f2e\" data-element_type=\"column\">\n\t\t\t<div class=\"elementor-widget-wrap elementor-element-populated\">\n\t\t\t\t\t\t\t\t<div class=\"elementor-element elementor-element-4a167c78 elementor-widget elementor-widget-text-editor\" data-id=\"4a167c78\" data-element_type=\"widget\" data-widget_type=\"text-editor.default\">\n\t\t\t\t<div class=\"elementor-widget-container\">\n\t\t\t\t\t\t\t\t<!-- wp:image -->\n<figure class=\"wp-block-image\"><img alt=\"\"\/><\/figure>\n<!-- \/wp:image -->\t\t\t\t\t\t<\/div>\n\t\t\t\t<\/div>\n\t\t\t\t\t<\/div>\n\t\t<\/div>\n\t\t\t\t\t\t\t<\/div>\n\t\t<\/section>\n\t\t\t\t<section class=\"elementor-section elementor-top-section elementor-element elementor-element-0af0cb6 elementor-section-boxed elementor-section-height-default elementor-section-height-default\" data-id=\"0af0cb6\" data-element_type=\"section\">\n\t\t\t\t\t\t<div class=\"elementor-container elementor-column-gap-default\">\n\t\t\t\t\t<div class=\"elementor-column elementor-col-100 elementor-top-column elementor-element elementor-element-d2074dd\" data-id=\"d2074dd\" data-element_type=\"column\">\n\t\t\t<div class=\"elementor-widget-wrap elementor-element-populated\">\n\t\t\t\t\t\t\t\t<div class=\"elementor-element elementor-element-76534b5 elementor-widget elementor-widget-heading\" data-id=\"76534b5\" data-element_type=\"widget\" data-widget_type=\"heading.default\">\n\t\t\t\t<div class=\"elementor-widget-container\">\n\t\t\t<h2 class=\"elementor-heading-title elementor-size-default\">X REGIONALNY KONKURS UCZNI\u00d3W RZEMIOS\u0141A FRYZJERSKIEGO<\/h2>\t\t<\/div>\n\t\t\t\t<\/div>\n\t\t\t\t\t<\/div>\n\t\t<\/div>\n\t\t\t\t\t\t\t<\/div>\n\t\t<\/section>\n\t\t\t\t<section class=\"elementor-section elementor-top-section elementor-element elementor-element-1d9acf7 elementor-section-boxed elementor-section-height-default elementor-section-height-default\" data-id=\"1d9acf7\" data-element_type=\"section\">\n\t\t\t\t\t\t<div class=\"elementor-container elementor-column-gap-default\">\n\t\t\t\t\t<div class=\"elementor-column elementor-col-100 elementor-top-column elementor-element elementor-element-e1f9611\" data-id=\"e1f9611\" data-element_type=\"column\">\n\t\t\t<div class=\"elementor-widget-wrap elementor-element-populated\">\n\t\t\t\t\t\t\t\t<div class=\"elementor-element elementor-element-9fd86cc elementor-widget elementor-widget-text-editor\" data-id=\"9fd86cc\" data-element_type=\"widget\" data-widget_type=\"text-editor.default\">\n\t\t\t\t<div class=\"elementor-widget-container\">\n\t\t\t\t\t\t\t\t<p style=\"text-align: center;\"><strong>Wielkopolska Izba Rzemie\u015blnicza w Poznaniu oraz Cech Rzemios\u0142 R\u00f3\u017cnych w Z\u0142otowie<\/strong> zapraszaj\u0105 do udzia\u0142u w<\/p>\n<p style=\"text-align: center;\"><strong>X Regionalnym Konkursie Fryzjerskim uczni\u00f3w klas I, II oraz III <\/strong><\/p>\n<p style=\"text-align: center;\"><strong>Bran\u017cowych Szk\u00f3\u0142 I Stopnia.\u00a0<\/strong><\/p>\t\t\t\t\t\t<\/div>\n\t\t\t\t<\/div>\n\t\t\t\t\t<\/div>\n\t\t<\/div>\n\t\t\t\t\t\t\t<\/div>\n\t\t<\/section>\n\t\t\t\t<section class=\"elementor-section elementor-top-section elementor-element elementor-element-7757aa1 elementor-section-boxed elementor-section-height-default elementor-section-height-default\" data-id=\"7757aa1\" data-element_type=\"section\">\n\t\t\t\t\t\t<div class=\"elementor-container elementor-column-gap-default\">\n\t\t\t\t\t<div class=\"elementor-column elementor-col-100 elementor-top-column elementor-element elementor-element-d372007\" data-id=\"d372007\" data-element_type=\"column\">\n\t\t\t<div class=\"elementor-widget-wrap elementor-element-populated\">\n\t\t\t\t\t\t\t\t<div class=\"elementor-element elementor-element-e363028 elementor-widget elementor-widget-text-editor\" data-id=\"e363028\" data-element_type=\"widget\" data-widget_type=\"text-editor.default\">\n\t\t\t\t<div class=\"elementor-widget-container\">\n\t\t\t\t\t\t\t\t<p style=\"text-align: center;\">Termin konkursu : <strong>15 marzec 2026 r<\/strong><\/p>\n<p style=\"text-align: center;\">Miejsce konkursu:\u00a0<strong>Centrum Kszta\u0142cenia Ustawicznego i Zawodowego w Z\u0142otowie Bran\u017cowa Szko\u0142a I Stopnia nr 2 <\/strong><\/p>\n<p style=\"text-align: center;\"><strong>ul. 8 Marca 5, 77-400 Z\u0142ot\u00f3w<\/strong><\/p>\t\t\t\t\t\t<\/div>\n\t\t\t\t<\/div>\n\t\t\t\t<div class=\"elementor-element elementor-element-5c44ac6 elementor-widget-divider--view-line elementor-widget elementor-widget-divider\" data-id=\"5c44ac6\" data-element_type=\"widget\" data-widget_type=\"divider.default\">\n\t\t\t\t<div class=\"elementor-widget-container\">\n\t\t\t\t\t<div class=\"elementor-divider\">\n\t\t\t<span class=\"elementor-divider-separator\">\n\t\t\t\t\t\t<\/span>\n\t\t<\/div>\n\t\t\t\t<\/div>\n\t\t\t\t<\/div>\n\t\t\t\t\t<\/div>\n\t\t<\/div>\n\t\t\t\t\t\t\t<\/div>\n\t\t<\/section>\n\t\t\t\t<section class=\"elementor-section elementor-top-section elementor-element elementor-element-42e580e elementor-section-boxed elementor-section-height-default elementor-section-height-default\" data-id=\"42e580e\" data-element_type=\"section\">\n\t\t\t\t\t\t<div class=\"elementor-container elementor-column-gap-default\">\n\t\t\t\t\t<div class=\"elementor-column elementor-col-100 elementor-top-column elementor-element elementor-element-95a52c6\" data-id=\"95a52c6\" data-element_type=\"column\">\n\t\t\t<div class=\"elementor-widget-wrap elementor-element-populated\">\n\t\t\t\t\t\t\t\t<div class=\"elementor-element elementor-element-ff0ac45 elementor-widget elementor-widget-text-editor\" data-id=\"ff0ac45\" data-element_type=\"widget\" data-widget_type=\"text-editor.default\">\n\t\t\t\t<div class=\"elementor-widget-container\">\n\t\t\t\t\t\t\t\t<p style=\"text-align: center;\">Zg\u0142oszenia do konkursu nale\u017cy przes\u0142a\u0107 do dnia <span style=\"text-decoration: underline;\"><strong>13.02.2026 r<\/strong><\/span>. na adres:<\/p>\n<p style=\"text-align: center;\"><strong>Pe\u0142nomocnik Wielkopolskiej Izby Rzemie\u015blniczej w Poznaniu<\/strong><\/p>\n<p style=\"text-align: center;\"><strong>ul. Bydgoska 35<\/strong><\/p>\n<p style=\"text-align: center;\"><strong>64-920 Pi\u0142a<\/strong><\/p>\n<p><\/p>\n<p style=\"text-align: center;\"><span style=\"font-size: large;\">b\u0105d\u017a adres mailowy: <\/span><span style=\"color: #0000ff;\"><u><a href=\"mailto:pelnomocnik.pila@irpoznan.com.pl\"><span style=\"font-size: large;\">pelnomocnik.pila@irpoznan.com.pl<\/span><\/a><\/u><\/span><span style=\"font-size: large;\">,<\/span><\/p>\n<p style=\"text-align: center;\"><em><span style=\"text-decoration: underline;\">Zapraszamy !!!<\/span><\/em><\/p>\t\t\t\t\t\t<\/div>\n\t\t\t\t<\/div>\n\t\t\t\t\t<\/div>\n\t\t<\/div>\n\t\t\t\t\t\t\t<\/div>\n\t\t<\/section>\n\t\t\t\t<section class=\"elementor-section elementor-top-section elementor-element elementor-element-47514fa elementor-section-boxed elementor-section-height-default elementor-section-height-default\" data-id=\"47514fa\" data-element_type=\"section\">\n\t\t\t\t\t\t<div class=\"elementor-container elementor-column-gap-default\">\n\t\t\t\t\t<div class=\"elementor-column elementor-col-100 elementor-top-column elementor-element elementor-element-c1a67df\" data-id=\"c1a67df\" data-element_type=\"column\">\n\t\t\t<div class=\"elementor-widget-wrap elementor-element-populated\">\n\t\t\t\t\t\t\t\t<div class=\"elementor-element elementor-element-87761a0 elementor-icon-list--layout-traditional elementor-list-item-link-full_width elementor-widget elementor-widget-icon-list\" data-id=\"87761a0\" data-element_type=\"widget\" data-widget_type=\"icon-list.default\">\n\t\t\t\t<div class=\"elementor-widget-container\">\n\t\t\t\t\t<ul class=\"elementor-icon-list-items\">\n\t\t\t\t\t\t\t<li class=\"elementor-icon-list-item\">\n\t\t\t\t\t<a href=\"http:\/\/www.cech-zlotow.info\/www_new\/wp-content\/uploads\/2026\/01\/KARTA-ZGLOSZENIOWA.pdf\">\t\t\t\t\t\t<span class=\"elementor-icon-list-icon\">\n\t\t\t\t\t\t\t<i aria-hidden=\"true\" class=\"fas fa-file-download\"><\/i>\t\t\t\t\t\t<\/span>\n\t\t\t\t\t\t\t\t\t\t<span class=\"elementor-icon-list-text\">Pobierz kart\u0119 zg\u0142oszeniow\u0105<\/span>\n\t\t\t\t\t\t\t\t\t\t\t<\/a>\n\t\t\t\t\t\t\t\t\t<\/li>\n\t\t\t\t\t\t\t\t<li class=\"elementor-icon-list-item\">\n\t\t\t\t\t<a href=\"http:\/\/www.cech-zlotow.info\/www_new\/wp-content\/uploads\/2026\/01\/KARTA-ZGLOSZENIOWA.pdf\">\t\t\t\t\t\t<span class=\"elementor-icon-list-icon\">\n\t\t\t\t\t\t\t<i aria-hidden=\"true\" class=\"fas fa-file-download\"><\/i>\t\t\t\t\t\t<\/span>\n\t\t\t\t\t\t\t\t\t\t<span class=\"elementor-icon-list-text\">Pobierz regulamin konkursu<\/span>\n\t\t\t\t\t\t\t\t\t\t\t<\/a>\n\t\t\t\t\t\t\t\t\t<\/li>\n\t\t\t\t\t\t<\/ul>\n\t\t\t\t<\/div>\n\t\t\t\t<\/div>\n\t\t\t\t\t<\/div>\n\t\t<\/div>\n\t\t\t\t\t\t\t<\/div>\n\t\t<\/section>\n\t\t\t\t\t\t<\/div>\n\t\t\t\t\t<\/div>\n\t\t","protected":false},"excerpt":{"rendered":"<p>X REGIONALNY KONKURS UCZNI\u00d3W RZEMIOS\u0141A FRYZJERSKIEGO Wielkopolska Izba Rzemie\u015blnicza w Poznaniu oraz Cech Rzemios\u0142 R\u00f3\u017cnych w Z\u0142otowie zapraszaj\u0105 do udzia\u0142u w X Regionalnym Konkursie Fryzjerskim uczni\u00f3w klas I, II oraz III Bran\u017cowych Szk\u00f3\u0142 I Stopnia.\u00a0 Termin konkursu : 15 marzec 2026 r Miejsce konkursu:\u00a0Centrum Kszta\u0142cenia Ustawicznego i Zawodowego w Z\u0142otowie [&hellip;]<\/p>\n","protected":false},"author":1,"featured_media":47,"comment_status":"closed","ping_status":"closed","sticky":false,"template":"","format":"standard","meta":[],"categories":[3],"tags":[],"jetpack_featured_media_url":"http:\/\/www.cech-zlotow.info\/www_new\/wp-content\/uploads\/2021\/05\/fryzjer2.jpg","_links":{"self":[{"href":"http:\/\/www.cech-zlotow.info\/www_new\/wp-json\/wp\/v2\/posts\/3358"}],"collection":[{"href":"http:\/\/www.cech-zlotow.info\/www_new\/wp-json\/wp\/v2\/posts"}],"about":[{"href":"http:\/\/www.cech-zlotow.info\/www_new\/wp-json\/wp\/v2\/types\/post"}],"author":[{"embeddable":true,"href":"http:\/\/www.cech-zlotow.info\/www_new\/wp-json\/wp\/v2\/users\/1"}],"replies":[{"embeddable":true,"href":"http:\/\/www.cech-zlotow.info\/www_new\/wp-json\/wp\/v2\/comments?post=3358"}],"version-history":[{"count":10,"href":"http:\/\/www.cech-zlotow.info\/www_new\/wp-json\/wp\/v2\/posts\/3358\/revisions"}],"predecessor-version":[{"id":3371,"href":"http:\/\/www.cech-zlotow.info\/www_new\/wp-json\/wp\/v2\/posts\/3358\/revisions\/3371"}],"wp:featuredmedia":[{"embeddable":true,"href":"http:\/\/www.cech-zlotow.info\/www_new\/wp-json\/wp\/v2\/media\/47"}],"wp:attachment":[{"href":"http:\/\/www.cech-zlotow.info\/www_new\/wp-json\/wp\/v2\/media?parent=3358"}],"wp:term":[{"taxonomy":"category","embeddable":true,"href":"http:\/\/www.cech-zlotow.info\/www_new\/wp-json\/wp\/v2\/categories?post=3358"},{"taxonomy":"post_tag","embeddable":true,"href":"http:\/\/www.cech-zlotow.info\/www_new\/wp-json\/wp\/v2\/tags?post=3358"}],"curies":[{"name":"wp","href":"https:\/\/api.w.org\/{rel}","templated":true}]}}